{"id":13201,"date":"2023-11-21T17:15:47","date_gmt":"2023-11-21T16:15:47","guid":{"rendered":"https:\/\/ciiae.org\/la-junta-de-extremadura-estrecha-la-colaboracion-con-portugal-en-su-apuesta-por-la-investigacion-en-almacenamiento-energetico-del-ciiae\/"},"modified":"2026-02-12T17:11:21","modified_gmt":"2026-02-12T16:11:21","slug":"la-junta-de-extremadura-estrecha-la-colaboracion-con-portugal-en-su-apuesta-por-la-investigacion-en-almacenamiento-energetico-del-ciiae","status":"publish","type":"post","link":"https:\/\/ciiae.org\/pt-pt\/la-junta-de-extremadura-estrecha-la-colaboracion-con-portugal-en-su-apuesta-por-la-investigacion-en-almacenamiento-energetico-del-ciiae\/","title":{"rendered":"A Junta de Extremadura refor\u00e7a a colabora\u00e7\u00e3o com Portugal no seu compromisso com a investiga\u00e7\u00e3o em armazenamento de energia no CIIAE"},"content":{"rendered":"<p><img fetchpriority=\"high\" decoding=\"async\" class=\"alignnone wp-image-7870 size-full\" src=\"https:\/\/ciiae.org\/wp-content\/uploads\/2024\/11\/Captura-de-pantalla-2024-11-13-171334.png\" alt=\"\" width=\"1892\" height=\"866\" srcset=\"https:\/\/ciiae.org\/wp-content\/uploads\/2024\/11\/Captura-de-pantalla-2024-11-13-171334.png 1892w, https:\/\/ciiae.org\/wp-content\/uploads\/2024\/11\/Captura-de-pantalla-2024-11-13-171334-300x137.png 300w, https:\/\/ciiae.org\/wp-content\/uploads\/2024\/11\/Captura-de-pantalla-2024-11-13-171334-1024x469.png 1024w, https:\/\/ciiae.org\/wp-content\/uploads\/2024\/11\/Captura-de-pantalla-2024-11-13-171334-768x352.png 768w, https:\/\/ciiae.org\/wp-content\/uploads\/2024\/11\/Captura-de-pantalla-2024-11-13-171334-1536x703.png 1536w\" sizes=\"(max-width: 1892px) 100vw, 1892px\" \/><\/p>\n<p><strong>Medio : <\/strong>Junta de Extremadura<\/p>\n<p><strong>Enlace de la publicaci\u00f3n: <\/strong><a href=\"https:\/\/www.juntaex.es\/w\/ciiae-braga\" target=\"_blank\" rel=\"noopener\">https:\/\/www.juntaex.es\/w\/ciiae-braga<\/a><\/p>\n","protected":false},"excerpt":{"rendered":"<p>Medio : Junta de Extremadura Enlace de la publicaci\u00f3n: https:\/\/www.juntaex.es\/w\/ciiae-braga<\/p>\n","protected":false},"author":1,"featured_media":0,"comment_status":"closed","ping_status":"closed","sticky":false,"template":"","format":"standard","meta":{"footnotes":"","_links_to":"","_links_to_target":""},"categories":[360],"tags":[],"class_list":["post-13201","post","type-post","status-publish","format-standard","hentry","category-ciiae-nos-meios-pt"],"_links":{"self":[{"href":"https:\/\/ciiae.org\/pt-pt\/wp-json\/wp\/v2\/posts\/13201","targetHints":{"allow":["GET"]}}],"collection":[{"href":"https:\/\/ciiae.org\/pt-pt\/wp-json\/wp\/v2\/posts"}],"about":[{"href":"https:\/\/ciiae.org\/pt-pt\/wp-json\/wp\/v2\/types\/post"}],"author":[{"embeddable":true,"href":"https:\/\/ciiae.org\/pt-pt\/wp-json\/wp\/v2\/users\/1"}],"replies":[{"embeddable":true,"href":"https:\/\/ciiae.org\/pt-pt\/wp-json\/wp\/v2\/comments?post=13201"}],"version-history":[{"count":1,"href":"https:\/\/ciiae.org\/pt-pt\/wp-json\/wp\/v2\/posts\/13201\/revisions"}],"predecessor-version":[{"id":13237,"href":"https:\/\/ciiae.org\/pt-pt\/wp-json\/wp\/v2\/posts\/13201\/revisions\/13237"}],"wp:attachment":[{"href":"https:\/\/ciiae.org\/pt-pt\/wp-json\/wp\/v2\/media?parent=13201"}],"wp:term":[{"taxonomy":"category","embeddable":true,"href":"https:\/\/ciiae.org\/pt-pt\/wp-json\/wp\/v2\/categories?post=13201"},{"taxonomy":"post_tag","embeddable":true,"href":"https:\/\/ciiae.org\/pt-pt\/wp-json\/wp\/v2\/tags?post=13201"}],"curies":[{"name":"wp","href":"https:\/\/api.w.org\/{rel}","templated":true}]}}